{"id":17582,"date":"2017-06-17T07:43:01","date_gmt":"2017-06-17T05:43:01","guid":{"rendered":"https:\/\/skeikampenbooking.no\/?p=17582"},"modified":"2024-04-23T11:09:34","modified_gmt":"2024-04-23T09:09:34","slug":"austlid-kabinen","status":"publish","type":"post","link":"https:\/\/skeikampenbooking.no\/?p=17582&lang=de","title":{"rendered":"Austlid-Kabinen"},"content":{"rendered":"\t\t<div data-elementor-type=\"wp-post\" data-elementor-id=\"17582\" class=\"elementor elementor-17582 elementor-12513\" data-elementor-post-type=\"post\">\n\t\t\t\t\t\t<section class=\"elementor-section elementor-top-section elementor-element elementor-element-bd113e elementor-section-boxed elementor-section-height-default elementor-section-height-default\" data-id=\"bd113e\" data-element_type=\"section\" data-e-type=\"section\">\n\t\t\t\t\t\t<div class=\"elementor-container elementor-column-gap-default\">\n\t\t\t\t\t<div class=\"elementor-column elementor-col-100 elementor-top-column elementor-element elementor-element-28ef5544\" data-id=\"28ef5544\" data-element_type=\"column\" data-e-type=\"column\">\n\t\t\t<div class=\"elementor-widget-wrap elementor-element-populated\">\n\t\t\t\t\t\t<div class=\"elementor-element elementor-element-5bc300e4 elementor-widget elementor-widget-text-editor\" data-id=\"5bc300e4\" data-element_type=\"widget\" data-e-type=\"widget\" data-widget_type=\"text-editor.default\">\n\t\t\t\t<div class=\"elementor-widget-container\">\n\t\t\t\t\t\t\t\t\t<p><strong>Austlid Hytter:<\/strong> Austlid Hytter liegt auf 900 Metern \u00fcber dem Meeresspiegel, nur 4 km vom Zentrum von Skeikampen entfernt. Es gibt insgesamt 25 Doppelhaush\u00e4lften in den H\u00f6fen rund um die ehemalige Austlid Fjellstue. Entweder zwei und zwei H\u00fctten in jeder Doppelhaush\u00e4lfte oder eine gro\u00dfe H\u00fctte pro Haus. Viel Sonne und die Langlaufloipen gleich nebenan. Austlid Hytter ist idyllisch in einem kleinen Bauerndorf gelegen, mit dem See Veslesetervatnet gleich unterhalb. Die kleinen Doppelkabinen haben 4-6 Betten, 2 Schlafzimmer, Bad mit Dusche, K\u00fcche und Wohnzimmer zusammen. Ungef\u00e4hr. 50 Quadratmeter. Die gro\u00dfen H\u00fctten haben 8-10 Betten, 4 Schlafzimmer, 2 B\u00e4der und ca. 90 Quadratmeter. 4km zum Skifahren und zum Zentrum von Skeikampen, 20m zum Langlaufen. Alle H\u00fctten befinden sich in Privatbesitz und nicht alle sind zu mieten.<\/p>\n<\/p>\n<p><img fetchpriority=\"high\" decoding=\"async\" class=\"alignnone size-full wp-image-13283\" src=\"https:\/\/skeikampenbooking.no\/wp-content\/uploads\/2023\/03\/Austlid_kart_sept_2021.jpg\" alt=\"\" width=\"1232\" height=\"918\" srcset=\"https:\/\/skeikampenbooking.no\/wp-content\/uploads\/2023\/03\/Austlid_kart_sept_2021.jpg 1232w, https:\/\/skeikampenbooking.no\/wp-content\/uploads\/2023\/03\/Austlid_kart_sept_2021-300x224.jpg 300w, https:\/\/skeikampenbooking.no\/wp-content\/uploads\/2023\/03\/Austlid_kart_sept_2021-1024x763.jpg 1024w, https:\/\/skeikampenbooking.no\/wp-content\/uploads\/2023\/03\/Austlid_kart_sept_2021-768x572.jpg 768w\" sizes=\"(max-width: 1232px) 100vw, 1232px\" \/><\/p>\n\t\t\t\t\t\t\t\t<\/div>\n\t\t\t\t<\/div>\n\t\t\t\t\t<\/div>\n\t\t<\/div>\n\t\t\t\t\t<\/div>\n\t\t<\/section>\n\t\t\t\t<\/div>\n\t\t","protected":false},"excerpt":{"rendered":"<p>Austlid Hytter: Austlid Hytter liegt auf 900 Metern \u00fcber dem Meeresspiegel, nur 4 km vom Zentrum von Skeikampen entfernt. Es gibt insgesamt 25 Doppelhaush\u00e4lften in den H\u00f6fen rund um die ehemalige Austlid Fjellstue. Entweder zwei und zwei H\u00fctten in jeder Doppelhaush\u00e4lfte oder eine gro\u00dfe H\u00fctte pro Haus. Viel Sonne und die Langlaufloipen gleich nebenan. Austlid [&hellip;]<\/p>\n","protected":false},"author":13,"featured_media":17587,"comment_status":"closed","ping_status":"closed","sticky":false,"template":"","format":"standard","meta":{"footnotes":""},"categories":[1613],"tags":[1614],"class_list":["post-17582","post","type-post","status-publish","format-standard","has-post-thumbnail","hentry","category-unterkunft-de","tag-austlid-hutten-skeikampen"],"yoast_head":"<!-- This site is optimized with the Yoast SEO plugin v27.0 - https:\/\/yoast.com\/product\/yoast-seo-wordpress\/ -->\n<title>Austlid-Kabinen - Skeikampen Booking<\/title>\n<meta name=\"description\" content=\"Skeikampen Booking hat H\u00fctten in Austlid zu vermieten\" \/>\n<meta name=\"robots\" content=\"index, follow, max-snippet:-1, max-image-preview:large, max-video-preview:-1\" \/>\n<link rel=\"canonical\" href=\"https:\/\/skeikampenbooking.no\/?p=17582\" \/>\n<meta property=\"og:locale\" content=\"nb_NO\" \/>\n<meta property=\"og:type\" content=\"article\" \/>\n<meta property=\"og:title\" content=\"Austlid-Kabinen - Skeikampen Booking\" \/>\n<meta property=\"og:description\" content=\"Skeikampen Booking hat H\u00fctten in Austlid zu vermieten\" \/>\n<meta property=\"og:url\" content=\"https:\/\/skeikampenbooking.no\/?p=17582&amp;lang=de\" \/>\n<meta property=\"og:site_name\" content=\"Skeikampen Booking\" \/>\n<meta property=\"article:publisher\" content=\"https:\/\/www.facebook.com\/skeikampenbooking\/\" \/>\n<meta property=\"article:published_time\" content=\"2017-06-17T05:43:01+00:00\" \/>\n<meta property=\"article:modified_time\" content=\"2024-04-23T09:09:34+00:00\" \/>\n<meta property=\"og:image\" content=\"https:\/\/skeikampenbooking.no\/wp-content\/uploads\/2017\/06\/Austlid_kart_sept_2021-982.jpg\" \/>\n\t<meta property=\"og:image:width\" content=\"1232\" \/>\n\t<meta property=\"og:image:height\" content=\"918\" \/>\n\t<meta property=\"og:image:type\" content=\"image\/jpeg\" \/>\n<meta name=\"author\" content=\"Skeikampen Booking\" \/>\n<meta name=\"twitter:card\" content=\"summary_large_image\" \/>\n<meta name=\"twitter:label1\" content=\"Skrevet av\" \/>\n\t<meta name=\"twitter:data1\" content=\"Skeikampen Booking\" \/>\n\t<meta name=\"twitter:label2\" content=\"Ansl. lesetid\" \/>\n\t<meta name=\"twitter:data2\" content=\"1 minutt\" \/>\n<script type=\"application\/ld+json\" class=\"yoast-schema-graph\">{\"@context\":\"https:\/\/schema.org\",\"@graph\":[{\"@type\":\"Article\",\"@id\":\"https:\/\/skeikampenbooking.no\/?p=17582&lang=de#article\",\"isPartOf\":{\"@id\":\"https:\/\/skeikampenbooking.no\/?p=17582&lang=de\"},\"author\":{\"name\":\"Skeikampen Booking\",\"@id\":\"https:\/\/skeikampenbooking.no\/#\/schema\/person\/8e5caf0a02b51069361ade2fca2f9efd\"},\"headline\":\"Austlid-Kabinen\",\"datePublished\":\"2017-06-17T05:43:01+00:00\",\"dateModified\":\"2024-04-23T09:09:34+00:00\",\"mainEntityOfPage\":{\"@id\":\"https:\/\/skeikampenbooking.no\/?p=17582&lang=de\"},\"wordCount\":129,\"publisher\":{\"@id\":\"https:\/\/skeikampenbooking.no\/#organization\"},\"image\":{\"@id\":\"https:\/\/skeikampenbooking.no\/?p=17582&lang=de#primaryimage\"},\"thumbnailUrl\":\"https:\/\/skeikampenbooking.no\/wp-content\/uploads\/2017\/06\/Austlid_kart_sept_2021-982.jpg\",\"keywords\":[\"Austlid H\u00fctten Skeikampen\"],\"articleSection\":[\"Unterkunft\"],\"inLanguage\":\"nb-NO\"},{\"@type\":\"WebPage\",\"@id\":\"https:\/\/skeikampenbooking.no\/?p=17582&lang=de\",\"url\":\"https:\/\/skeikampenbooking.no\/?p=17582&lang=de\",\"name\":\"Austlid-Kabinen - Skeikampen Booking\",\"isPartOf\":{\"@id\":\"https:\/\/skeikampenbooking.no\/#website\"},\"primaryImageOfPage\":{\"@id\":\"https:\/\/skeikampenbooking.no\/?p=17582&lang=de#primaryimage\"},\"image\":{\"@id\":\"https:\/\/skeikampenbooking.no\/?p=17582&lang=de#primaryimage\"},\"thumbnailUrl\":\"https:\/\/skeikampenbooking.no\/wp-content\/uploads\/2017\/06\/Austlid_kart_sept_2021-982.jpg\",\"datePublished\":\"2017-06-17T05:43:01+00:00\",\"dateModified\":\"2024-04-23T09:09:34+00:00\",\"description\":\"Skeikampen Booking hat H\u00fctten in Austlid zu vermieten\",\"breadcrumb\":{\"@id\":\"https:\/\/skeikampenbooking.no\/?p=17582&lang=de#breadcrumb\"},\"inLanguage\":\"nb-NO\",\"potentialAction\":[{\"@type\":\"ReadAction\",\"target\":[\"https:\/\/skeikampenbooking.no\/?p=17582&lang=de\"]}]},{\"@type\":\"ImageObject\",\"inLanguage\":\"nb-NO\",\"@id\":\"https:\/\/skeikampenbooking.no\/?p=17582&lang=de#primaryimage\",\"url\":\"https:\/\/skeikampenbooking.no\/wp-content\/uploads\/2017\/06\/Austlid_kart_sept_2021-982.jpg\",\"contentUrl\":\"https:\/\/skeikampenbooking.no\/wp-content\/uploads\/2017\/06\/Austlid_kart_sept_2021-982.jpg\",\"width\":1232,\"height\":918},{\"@type\":\"BreadcrumbList\",\"@id\":\"https:\/\/skeikampenbooking.no\/?p=17582&lang=de#breadcrumb\",\"itemListElement\":[{\"@type\":\"ListItem\",\"position\":1,\"name\":\"Hjem\",\"item\":\"https:\/\/skeikampenbooking.no\/\"},{\"@type\":\"ListItem\",\"position\":2,\"name\":\"Austlid-Kabinen\"}]},{\"@type\":\"WebSite\",\"@id\":\"https:\/\/skeikampenbooking.no\/#website\",\"url\":\"https:\/\/skeikampenbooking.no\/\",\"name\":\"Skeikampen Booking\",\"description\":\"\",\"publisher\":{\"@id\":\"https:\/\/skeikampenbooking.no\/#organization\"},\"potentialAction\":[{\"@type\":\"SearchAction\",\"target\":{\"@type\":\"EntryPoint\",\"urlTemplate\":\"https:\/\/skeikampenbooking.no\/?s={search_term_string}\"},\"query-input\":{\"@type\":\"PropertyValueSpecification\",\"valueRequired\":true,\"valueName\":\"search_term_string\"}}],\"inLanguage\":\"nb-NO\"},{\"@type\":\"Organization\",\"@id\":\"https:\/\/skeikampenbooking.no\/#organization\",\"name\":\"Skeikampen Booking\",\"url\":\"https:\/\/skeikampenbooking.no\/\",\"logo\":{\"@type\":\"ImageObject\",\"inLanguage\":\"nb-NO\",\"@id\":\"https:\/\/skeikampenbooking.no\/#\/schema\/logo\/image\/\",\"url\":\"https:\/\/skeikampenbooking.no\/wp-content\/uploads\/2023\/03\/skeikampen_booking_logo.png\",\"contentUrl\":\"https:\/\/skeikampenbooking.no\/wp-content\/uploads\/2023\/03\/skeikampen_booking_logo.png\",\"width\":930,\"height\":138,\"caption\":\"Skeikampen Booking\"},\"image\":{\"@id\":\"https:\/\/skeikampenbooking.no\/#\/schema\/logo\/image\/\"},\"sameAs\":[\"https:\/\/www.facebook.com\/skeikampenbooking\/\"]},{\"@type\":\"Person\",\"@id\":\"https:\/\/skeikampenbooking.no\/#\/schema\/person\/8e5caf0a02b51069361ade2fca2f9efd\",\"name\":\"Skeikampen Booking\",\"image\":{\"@type\":\"ImageObject\",\"inLanguage\":\"nb-NO\",\"@id\":\"https:\/\/skeikampenbooking.no\/#\/schema\/person\/image\/\",\"url\":\"https:\/\/secure.gravatar.com\/avatar\/466a81ff9549658936491dcc01f7da3a253116fe5d270c154b7a3ce5628a833d?s=96&d=mm&r=g\",\"contentUrl\":\"https:\/\/secure.gravatar.com\/avatar\/466a81ff9549658936491dcc01f7da3a253116fe5d270c154b7a3ce5628a833d?s=96&d=mm&r=g\",\"caption\":\"Skeikampen Booking\"},\"url\":\"https:\/\/skeikampenbooking.no\/?author=13\"}]}<\/script>\n<!-- \/ Yoast SEO plugin. -->","yoast_head_json":{"title":"Austlid-Kabinen - Skeikampen Booking","description":"Skeikampen Booking hat H\u00fctten in Austlid zu vermieten","robots":{"index":"index","follow":"follow","max-snippet":"max-snippet:-1","max-image-preview":"max-image-preview:large","max-video-preview":"max-video-preview:-1"},"canonical":"https:\/\/skeikampenbooking.no\/?p=17582","og_locale":"nb_NO","og_type":"article","og_title":"Austlid-Kabinen - Skeikampen Booking","og_description":"Skeikampen Booking hat H\u00fctten in Austlid zu vermieten","og_url":"https:\/\/skeikampenbooking.no\/?p=17582&lang=de","og_site_name":"Skeikampen Booking","article_publisher":"https:\/\/www.facebook.com\/skeikampenbooking\/","article_published_time":"2017-06-17T05:43:01+00:00","article_modified_time":"2024-04-23T09:09:34+00:00","og_image":[{"width":1232,"height":918,"url":"https:\/\/skeikampenbooking.no\/wp-content\/uploads\/2017\/06\/Austlid_kart_sept_2021-982.jpg","type":"image\/jpeg"}],"author":"Skeikampen Booking","twitter_card":"summary_large_image","twitter_misc":{"Skrevet av":"Skeikampen Booking","Ansl. lesetid":"1 minutt"},"schema":{"@context":"https:\/\/schema.org","@graph":[{"@type":"Article","@id":"https:\/\/skeikampenbooking.no\/?p=17582&lang=de#article","isPartOf":{"@id":"https:\/\/skeikampenbooking.no\/?p=17582&lang=de"},"author":{"name":"Skeikampen Booking","@id":"https:\/\/skeikampenbooking.no\/#\/schema\/person\/8e5caf0a02b51069361ade2fca2f9efd"},"headline":"Austlid-Kabinen","datePublished":"2017-06-17T05:43:01+00:00","dateModified":"2024-04-23T09:09:34+00:00","mainEntityOfPage":{"@id":"https:\/\/skeikampenbooking.no\/?p=17582&lang=de"},"wordCount":129,"publisher":{"@id":"https:\/\/skeikampenbooking.no\/#organization"},"image":{"@id":"https:\/\/skeikampenbooking.no\/?p=17582&lang=de#primaryimage"},"thumbnailUrl":"https:\/\/skeikampenbooking.no\/wp-content\/uploads\/2017\/06\/Austlid_kart_sept_2021-982.jpg","keywords":["Austlid H\u00fctten Skeikampen"],"articleSection":["Unterkunft"],"inLanguage":"nb-NO"},{"@type":"WebPage","@id":"https:\/\/skeikampenbooking.no\/?p=17582&lang=de","url":"https:\/\/skeikampenbooking.no\/?p=17582&lang=de","name":"Austlid-Kabinen - Skeikampen Booking","isPartOf":{"@id":"https:\/\/skeikampenbooking.no\/#website"},"primaryImageOfPage":{"@id":"https:\/\/skeikampenbooking.no\/?p=17582&lang=de#primaryimage"},"image":{"@id":"https:\/\/skeikampenbooking.no\/?p=17582&lang=de#primaryimage"},"thumbnailUrl":"https:\/\/skeikampenbooking.no\/wp-content\/uploads\/2017\/06\/Austlid_kart_sept_2021-982.jpg","datePublished":"2017-06-17T05:43:01+00:00","dateModified":"2024-04-23T09:09:34+00:00","description":"Skeikampen Booking hat H\u00fctten in Austlid zu vermieten","breadcrumb":{"@id":"https:\/\/skeikampenbooking.no\/?p=17582&lang=de#breadcrumb"},"inLanguage":"nb-NO","potentialAction":[{"@type":"ReadAction","target":["https:\/\/skeikampenbooking.no\/?p=17582&lang=de"]}]},{"@type":"ImageObject","inLanguage":"nb-NO","@id":"https:\/\/skeikampenbooking.no\/?p=17582&lang=de#primaryimage","url":"https:\/\/skeikampenbooking.no\/wp-content\/uploads\/2017\/06\/Austlid_kart_sept_2021-982.jpg","contentUrl":"https:\/\/skeikampenbooking.no\/wp-content\/uploads\/2017\/06\/Austlid_kart_sept_2021-982.jpg","width":1232,"height":918},{"@type":"BreadcrumbList","@id":"https:\/\/skeikampenbooking.no\/?p=17582&lang=de#breadcrumb","itemListElement":[{"@type":"ListItem","position":1,"name":"Hjem","item":"https:\/\/skeikampenbooking.no\/"},{"@type":"ListItem","position":2,"name":"Austlid-Kabinen"}]},{"@type":"WebSite","@id":"https:\/\/skeikampenbooking.no\/#website","url":"https:\/\/skeikampenbooking.no\/","name":"Skeikampen Booking","description":"","publisher":{"@id":"https:\/\/skeikampenbooking.no\/#organization"},"potentialAction":[{"@type":"SearchAction","target":{"@type":"EntryPoint","urlTemplate":"https:\/\/skeikampenbooking.no\/?s={search_term_string}"},"query-input":{"@type":"PropertyValueSpecification","valueRequired":true,"valueName":"search_term_string"}}],"inLanguage":"nb-NO"},{"@type":"Organization","@id":"https:\/\/skeikampenbooking.no\/#organization","name":"Skeikampen Booking","url":"https:\/\/skeikampenbooking.no\/","logo":{"@type":"ImageObject","inLanguage":"nb-NO","@id":"https:\/\/skeikampenbooking.no\/#\/schema\/logo\/image\/","url":"https:\/\/skeikampenbooking.no\/wp-content\/uploads\/2023\/03\/skeikampen_booking_logo.png","contentUrl":"https:\/\/skeikampenbooking.no\/wp-content\/uploads\/2023\/03\/skeikampen_booking_logo.png","width":930,"height":138,"caption":"Skeikampen Booking"},"image":{"@id":"https:\/\/skeikampenbooking.no\/#\/schema\/logo\/image\/"},"sameAs":["https:\/\/www.facebook.com\/skeikampenbooking\/"]},{"@type":"Person","@id":"https:\/\/skeikampenbooking.no\/#\/schema\/person\/8e5caf0a02b51069361ade2fca2f9efd","name":"Skeikampen Booking","image":{"@type":"ImageObject","inLanguage":"nb-NO","@id":"https:\/\/skeikampenbooking.no\/#\/schema\/person\/image\/","url":"https:\/\/secure.gravatar.com\/avatar\/466a81ff9549658936491dcc01f7da3a253116fe5d270c154b7a3ce5628a833d?s=96&d=mm&r=g","contentUrl":"https:\/\/secure.gravatar.com\/avatar\/466a81ff9549658936491dcc01f7da3a253116fe5d270c154b7a3ce5628a833d?s=96&d=mm&r=g","caption":"Skeikampen Booking"},"url":"https:\/\/skeikampenbooking.no\/?author=13"}]}},"_links":{"self":[{"href":"https:\/\/skeikampenbooking.no\/index.php?rest_route=\/wp\/v2\/posts\/17582","targetHints":{"allow":["GET"]}}],"collection":[{"href":"https:\/\/skeikampenbooking.no\/index.php?rest_route=\/wp\/v2\/posts"}],"about":[{"href":"https:\/\/skeikampenbooking.no\/index.php?rest_route=\/wp\/v2\/types\/post"}],"author":[{"embeddable":true,"href":"https:\/\/skeikampenbooking.no\/index.php?rest_route=\/wp\/v2\/users\/13"}],"replies":[{"embeddable":true,"href":"https:\/\/skeikampenbooking.no\/index.php?rest_route=%2Fwp%2Fv2%2Fcomments&post=17582"}],"version-history":[{"count":1,"href":"https:\/\/skeikampenbooking.no\/index.php?rest_route=\/wp\/v2\/posts\/17582\/revisions"}],"predecessor-version":[{"id":17592,"href":"https:\/\/skeikampenbooking.no\/index.php?rest_route=\/wp\/v2\/posts\/17582\/revisions\/17592"}],"wp:featuredmedia":[{"embeddable":true,"href":"https:\/\/skeikampenbooking.no\/index.php?rest_route=\/wp\/v2\/media\/17587"}],"wp:attachment":[{"href":"https:\/\/skeikampenbooking.no\/index.php?rest_route=%2Fwp%2Fv2%2Fmedia&parent=17582"}],"wp:term":[{"taxonomy":"category","embeddable":true,"href":"https:\/\/skeikampenbooking.no\/index.php?rest_route=%2Fwp%2Fv2%2Fcategories&post=17582"},{"taxonomy":"post_tag","embeddable":true,"href":"https:\/\/skeikampenbooking.no\/index.php?rest_route=%2Fwp%2Fv2%2Ftags&post=17582"}],"curies":[{"name":"wp","href":"https:\/\/api.w.org\/{rel}","templated":true}]}}